{"id":6401,"date":"2021-10-28T02:41:10","date_gmt":"2021-10-28T02:41:10","guid":{"rendered":"http:\/\/www.aplf.com\/2021\/10\/28\/events-sustainable-leather-forum-the-future-of-leather-in-question-in-paris\/"},"modified":"2021-10-28T02:41:11","modified_gmt":"2021-10-28T02:41:11","slug":"events-sustainable-leather-forum-the-future-of-leather-in-question-in-paris","status":"publish","type":"post","link":"https:\/\/www.aplf.com\/zh-hans\/2021\/10\/28\/events-sustainable-leather-forum-the-future-of-leather-in-question-in-paris\/","title":{"rendered":"Events \u2013 Sustainable Leather Forum: the future of leather in question in Paris"},"content":{"rendered":"\t\t<div data-elementor-type=\"wp-post\" data-elementor-id=\"6401\" data-post-id=\"6401\" data-obj-id=\"6401\" class=\"elementor elementor-6401 dce-elementor-post-6401 elementor-4270\" data-elementor-post-type=\"post\">\n\t\t\t\t\t\t<section data-particle_enable=\"false\" data-particle-mobile-disabled=\"false\" class=\"elementor-section elementor-top-section elementor-element elementor-element-372d15d elementor-section-boxed elementor-section-height-default elementor-section-height-default\" data-id=\"372d15d\" data-element_type=\"section\" data-e-type=\"section\">\n\t\t\t\t\t\t<div class=\"elementor-container elementor-column-gap-default\">\n\t\t\t\t\t<div class=\"elementor-column elementor-col-100 elementor-top-column elementor-element elementor-element-865f172\" data-id=\"865f172\" data-element_type=\"column\" data-e-type=\"column\">\n\t\t\t<div class=\"elementor-widget-wrap elementor-element-populated\">\n\t\t\t\t\t\t<div class=\"elementor-element elementor-element-35eab76 elementor-widget elementor-widget-text-editor\" data-id=\"35eab76\" data-element_type=\"widget\" data-e-type=\"widget\" data-widget_type=\"text-editor.default\">\n\t\t\t\t<div class=\"elementor-widget-container\">\n\t\t\t\t\t\t\t\t\t<p>13 September 2021<\/p>\n\t\t\t\t\t\t\t\t<\/div>\n\t\t\t\t<\/div>\n\t\t\t\t<div class=\"elementor-element elementor-element-f231751 elementor-widget elementor-widget-heading\" data-id=\"f231751\" data-element_type=\"widget\" data-e-type=\"widget\" data-widget_type=\"heading.default\">\n\t\t\t\t<div class=\"elementor-widget-container\">\n\t\t\t\t\t<h2 class=\"elementor-heading-title elementor-size-default\">Events \u2013 Sustainable Leather Forum: the future of leather in question in Paris<\/h2>\t\t\t\t<\/div>\n\t\t\t\t<\/div>\n\t\t\t\t<div class=\"elementor-element elementor-element-a08a724 elementor-widget elementor-widget-text-editor\" data-id=\"a08a724\" data-element_type=\"widget\" data-e-type=\"widget\" data-widget_type=\"text-editor.default\">\n\t\t\t\t<div class=\"elementor-widget-container\">\n\t\t\t\t\t\t\t\t\t<p>On 13 September, the Palais Brongniart will host the third edition of the Sustainable Leather Forum. A forum dedicated to CSR Ccorporate Social Responsibility &#8211; editor&#8217;s note) in the leather, luxury and fashion trades, organized by the National Leather Council (CNC) and intended to address the major challenges facing the industry. Preview by <a href=\"https:\/\/us.fashionnetwork.com\/\" target=\"_blank\" rel=\"noopener\">Fashion Network<\/a>.<\/p>\n<p><img decoding=\"async\" class=\"alignnone wp-image-4322\" src=\"https:\/\/www.aplf.com\/wp-content\/uploads\/2021\/09\/image-1.jpg\" alt=\"\" width=\"500\" srcset=\"https:\/\/www.aplf.com\/wp-content\/uploads\/2021\/09\/image-1.jpg 600w, https:\/\/www.aplf.com\/wp-content\/uploads\/2021\/09\/image-1-300x200.jpg 300w\" sizes=\"(max-width: 600px) 100vw, 600px\" \/><\/p>\n<p>Among the speakers who will take part in the discussions and speeches are H\u00e9l\u00e8ne Valade, Environment Development Director of the LVMH Group, Micka\u00ebl Royer, Vice-President of the Royer Group, Marie Laure Piednoir, Sustainable Development Manager of Salomon, Damien Pell\u00e9, Sustainable Development Director from Galeries Lafayette and BHV Marais, Pauline Ranger, Footwear Product Manager, or Guillaume de Seynes, Chairman of the Fashion and Luxury Sector Strategy Committee.<\/p>\n<p>Also announced are Jean-Luc Angot (National Committee for Abattoir Ethics), Mauricio Bauer (WWF US), Eric Den\u00e9c\u00e9 (French Intelligence Research Center), Egbert Dikkers (Leather Naturally), Bettina Laville (Committee 21), Daniela Liebetegger (United Nations Environment Program, or UNEP), Patrick Mainguen\u00e9 (Insoft), Michael Meyer (Filk Freiberg Institut), Ywan Penvern (Deloitte Sustainability France), Rym Trabelsi (Clear Fashion), Christina Trautmann (Leather Working Group) and R\u00e9gis L\u00e9ty (CTC).<\/p>\n\t\t\t\t\t\t\t\t<\/div>\n\t\t\t\t<\/div>\n\t\t\t\t\t<\/div>\n\t\t<\/div>\n\t\t\t\t\t<\/div>\n\t\t<\/section>\n\t\t\t\t<section data-particle_enable=\"false\" data-particle-mobile-disabled=\"false\" class=\"elementor-section elementor-top-section elementor-element elementor-element-516b9ba elementor-section-boxed elementor-section-height-default elementor-section-height-default\" data-id=\"516b9ba\" data-element_type=\"section\" data-e-type=\"section\">\n\t\t\t\t\t\t<div class=\"elementor-container elementor-column-gap-default\">\n\t\t\t\t\t<div class=\"elementor-column elementor-col-100 elementor-top-column elementor-element elementor-element-b6081fe\" data-id=\"b6081fe\" data-element_type=\"column\" data-e-type=\"column\">\n\t\t\t<div class=\"elementor-widget-wrap elementor-element-populated\">\n\t\t\t\t\t\t<div class=\"elementor-element elementor-element-8d853ad elementor-widget elementor-widget-spacer\" data-id=\"8d853ad\" data-element_type=\"widget\" data-e-type=\"widget\" data-widget_type=\"spacer.default\">\n\t\t\t\t<div class=\"elementor-widget-container\">\n\t\t\t\t\t\t\t<div class=\"elementor-spacer\">\n\t\t\t<div class=\"elementor-spacer-inner\"><\/div>\n\t\t<\/div>\n\t\t\t\t\t\t<\/div>\n\t\t\t\t<\/div>\n\t\t\t\t\t<\/div>\n\t\t<\/div>\n\t\t\t\t\t<\/div>\n\t\t<\/section>\n\t\t\t\t<\/div>\n\t\t","protected":false},"excerpt":{"rendered":"<p>13 September 2021 Events \u2013 Sustainable Leather Forum: t&hellip; <a class=\"more-link\" href=\"https:\/\/www.aplf.com\/zh-hans\/2021\/10\/28\/events-sustainable-leather-forum-the-future-of-leather-in-question-in-paris\/\">\u7ee7\u7eed\u9605\u8bfb<span class=\"screen-reader-text\">Events \u2013 Sustainable Leather Forum: the future of leather in question in Paris<\/span><\/a><\/p>\n","protected":false},"author":6,"featured_media":0,"comment_status":"open","ping_status":"open","sticky":false,"template":"","format":"standard","meta":{"footnotes":""},"categories":[34],"tags":[],"class_list":["post-6401","post","type-post","status-publish","format-standard","hentry","category-industry-news-sc","entry"],"yoast_head":"<!-- This site is optimized with the Yoast SEO plugin v27.3 - https:\/\/yoast.com\/product\/yoast-seo-wordpress\/ -->\n<title>Events \u2013 Sustainable Leather Forum: the future of leather in question in Paris - APLF Limited<\/title>\n<meta name=\"robots\" content=\"index, follow, max-snippet:-1, max-image-preview:large, max-video-preview:-1\" \/>\n<link rel=\"canonical\" href=\"https:\/\/www.aplf.com\/zh-hans\/2021\/10\/28\/events-sustainable-leather-forum-the-future-of-leather-in-question-in-paris\/\" \/>\n<meta property=\"og:locale\" content=\"zh_CN\" \/>\n<meta property=\"og:type\" content=\"article\" \/>\n<meta property=\"og:title\" content=\"Events \u2013 Sustainable Leather Forum: the future of leather in question in Paris - APLF Limited\" \/>\n<meta property=\"og:description\" content=\"13 September 2021 Events \u2013 Sustainable Leather Forum: t&hellip; \u7ee7\u7eed\u9605\u8bfbEvents \u2013 Sustainable Leather Forum: the future of leather in question in Paris\" \/>\n<meta property=\"og:url\" content=\"https:\/\/www.aplf.com\/zh-hans\/2021\/10\/28\/events-sustainable-leather-forum-the-future-of-leather-in-question-in-paris\/\" \/>\n<meta property=\"og:site_name\" content=\"APLF Limited\" \/>\n<meta property=\"article:published_time\" content=\"2021-10-28T02:41:10+00:00\" \/>\n<meta property=\"article:modified_time\" content=\"2021-10-28T02:41:11+00:00\" \/>\n<meta property=\"og:image\" content=\"http:\/\/www.aplf.com\/wp-content\/uploads\/2021\/09\/image-1.jpg\" \/>\n<meta name=\"author\" content=\"Rose Tong\" \/>\n<meta name=\"twitter:card\" content=\"summary_large_image\" \/>\n<meta name=\"twitter:label1\" content=\"\u4f5c\u8005\" \/>\n\t<meta name=\"twitter:data1\" content=\"Rose Tong\" \/>\n\t<meta name=\"twitter:label2\" content=\"\u9884\u8ba1\u9605\u8bfb\u65f6\u95f4\" \/>\n\t<meta name=\"twitter:data2\" content=\"1\u5206\" \/>\n<script type=\"application\/ld+json\" class=\"yoast-schema-graph\">{\"@context\":\"https:\\\/\\\/schema.org\",\"@graph\":[{\"@type\":\"Article\",\"@id\":\"https:\\\/\\\/www.aplf.com\\\/zh-hans\\\/2021\\\/10\\\/28\\\/events-sustainable-leather-forum-the-future-of-leather-in-question-in-paris\\\/#article\",\"isPartOf\":{\"@id\":\"https:\\\/\\\/www.aplf.com\\\/zh-hans\\\/2021\\\/10\\\/28\\\/events-sustainable-leather-forum-the-future-of-leather-in-question-in-paris\\\/\"},\"author\":{\"name\":\"Rose Tong\",\"@id\":\"http:\\\/\\\/www.aplf.com\\\/zh-hans\\\/#\\\/schema\\\/person\\\/d3b4b70811e0682ad6025d900a7cef2b\"},\"headline\":\"Events \u2013 Sustainable Leather Forum: the future of leather in question in Paris\",\"datePublished\":\"2021-10-28T02:41:10+00:00\",\"dateModified\":\"2021-10-28T02:41:11+00:00\",\"mainEntityOfPage\":{\"@id\":\"https:\\\/\\\/www.aplf.com\\\/zh-hans\\\/2021\\\/10\\\/28\\\/events-sustainable-leather-forum-the-future-of-leather-in-question-in-paris\\\/\"},\"wordCount\":213,\"commentCount\":0,\"publisher\":{\"@id\":\"http:\\\/\\\/www.aplf.com\\\/zh-hans\\\/#organization\"},\"image\":{\"@id\":\"https:\\\/\\\/www.aplf.com\\\/zh-hans\\\/2021\\\/10\\\/28\\\/events-sustainable-leather-forum-the-future-of-leather-in-question-in-paris\\\/#primaryimage\"},\"thumbnailUrl\":\"http:\\\/\\\/www.aplf.com\\\/wp-content\\\/uploads\\\/2021\\\/09\\\/image-1.jpg\",\"articleSection\":[\"\u884c\u4e1a\u65b0\u95fb\"],\"inLanguage\":\"zh-CN\",\"potentialAction\":[{\"@type\":\"CommentAction\",\"name\":\"Comment\",\"target\":[\"https:\\\/\\\/www.aplf.com\\\/zh-hans\\\/2021\\\/10\\\/28\\\/events-sustainable-leather-forum-the-future-of-leather-in-question-in-paris\\\/#respond\"]}]},{\"@type\":\"WebPage\",\"@id\":\"https:\\\/\\\/www.aplf.com\\\/zh-hans\\\/2021\\\/10\\\/28\\\/events-sustainable-leather-forum-the-future-of-leather-in-question-in-paris\\\/\",\"url\":\"https:\\\/\\\/www.aplf.com\\\/zh-hans\\\/2021\\\/10\\\/28\\\/events-sustainable-leather-forum-the-future-of-leather-in-question-in-paris\\\/\",\"name\":\"Events \u2013 Sustainable Leather Forum: the future of leather in question in Paris - APLF Limited\",\"isPartOf\":{\"@id\":\"http:\\\/\\\/www.aplf.com\\\/zh-hans\\\/#website\"},\"primaryImageOfPage\":{\"@id\":\"https:\\\/\\\/www.aplf.com\\\/zh-hans\\\/2021\\\/10\\\/28\\\/events-sustainable-leather-forum-the-future-of-leather-in-question-in-paris\\\/#primaryimage\"},\"image\":{\"@id\":\"https:\\\/\\\/www.aplf.com\\\/zh-hans\\\/2021\\\/10\\\/28\\\/events-sustainable-leather-forum-the-future-of-leather-in-question-in-paris\\\/#primaryimage\"},\"thumbnailUrl\":\"http:\\\/\\\/www.aplf.com\\\/wp-content\\\/uploads\\\/2021\\\/09\\\/image-1.jpg\",\"datePublished\":\"2021-10-28T02:41:10+00:00\",\"dateModified\":\"2021-10-28T02:41:11+00:00\",\"breadcrumb\":{\"@id\":\"https:\\\/\\\/www.aplf.com\\\/zh-hans\\\/2021\\\/10\\\/28\\\/events-sustainable-leather-forum-the-future-of-leather-in-question-in-paris\\\/#breadcrumb\"},\"inLanguage\":\"zh-CN\",\"potentialAction\":[{\"@type\":\"ReadAction\",\"target\":[\"https:\\\/\\\/www.aplf.com\\\/zh-hans\\\/2021\\\/10\\\/28\\\/events-sustainable-leather-forum-the-future-of-leather-in-question-in-paris\\\/\"]}]},{\"@type\":\"ImageObject\",\"inLanguage\":\"zh-CN\",\"@id\":\"https:\\\/\\\/www.aplf.com\\\/zh-hans\\\/2021\\\/10\\\/28\\\/events-sustainable-leather-forum-the-future-of-leather-in-question-in-paris\\\/#primaryimage\",\"url\":\"http:\\\/\\\/www.aplf.com\\\/wp-content\\\/uploads\\\/2021\\\/09\\\/image-1.jpg\",\"contentUrl\":\"http:\\\/\\\/www.aplf.com\\\/wp-content\\\/uploads\\\/2021\\\/09\\\/image-1.jpg\"},{\"@type\":\"BreadcrumbList\",\"@id\":\"https:\\\/\\\/www.aplf.com\\\/zh-hans\\\/2021\\\/10\\\/28\\\/events-sustainable-leather-forum-the-future-of-leather-in-question-in-paris\\\/#breadcrumb\",\"itemListElement\":[{\"@type\":\"ListItem\",\"position\":1,\"name\":\"Home\",\"item\":\"https:\\\/\\\/www.aplf.com\\\/zh-hans\\\/\"},{\"@type\":\"ListItem\",\"position\":2,\"name\":\"Events \u2013 Sustainable Leather Forum: the future of leather in question in Paris\"}]},{\"@type\":\"WebSite\",\"@id\":\"http:\\\/\\\/www.aplf.com\\\/zh-hans\\\/#website\",\"url\":\"http:\\\/\\\/www.aplf.com\\\/zh-hans\\\/\",\"name\":\"APLF Limited\",\"description\":\"Serving the global leather &amp; fashion indsutires\",\"publisher\":{\"@id\":\"http:\\\/\\\/www.aplf.com\\\/zh-hans\\\/#organization\"},\"potentialAction\":[{\"@type\":\"SearchAction\",\"target\":{\"@type\":\"EntryPoint\",\"urlTemplate\":\"http:\\\/\\\/www.aplf.com\\\/zh-hans\\\/?s={search_term_string}\"},\"query-input\":{\"@type\":\"PropertyValueSpecification\",\"valueRequired\":true,\"valueName\":\"search_term_string\"}}],\"inLanguage\":\"zh-CN\"},{\"@type\":\"Organization\",\"@id\":\"http:\\\/\\\/www.aplf.com\\\/zh-hans\\\/#organization\",\"name\":\"APLF Limited\",\"url\":\"http:\\\/\\\/www.aplf.com\\\/zh-hans\\\/\",\"logo\":{\"@type\":\"ImageObject\",\"inLanguage\":\"zh-CN\",\"@id\":\"http:\\\/\\\/www.aplf.com\\\/zh-hans\\\/#\\\/schema\\\/logo\\\/image\\\/\",\"url\":\"https:\\\/\\\/www.aplf.com\\\/wp-content\\\/uploads\\\/2021\\\/06\\\/APLF-logo-3-e1728896726736.png\",\"contentUrl\":\"https:\\\/\\\/www.aplf.com\\\/wp-content\\\/uploads\\\/2021\\\/06\\\/APLF-logo-3-e1728896726736.png\",\"width\":220,\"height\":29,\"caption\":\"APLF Limited\"},\"image\":{\"@id\":\"http:\\\/\\\/www.aplf.com\\\/zh-hans\\\/#\\\/schema\\\/logo\\\/image\\\/\"}},{\"@type\":\"Person\",\"@id\":\"http:\\\/\\\/www.aplf.com\\\/zh-hans\\\/#\\\/schema\\\/person\\\/d3b4b70811e0682ad6025d900a7cef2b\",\"name\":\"Rose Tong\",\"image\":{\"@type\":\"ImageObject\",\"inLanguage\":\"zh-CN\",\"@id\":\"https:\\\/\\\/secure.gravatar.com\\\/avatar\\\/ecd062c76c40f06174d27ced5804ce20cf60075e231f123cd7609f4212944fa7?s=96&d=mm&r=g\",\"url\":\"https:\\\/\\\/secure.gravatar.com\\\/avatar\\\/ecd062c76c40f06174d27ced5804ce20cf60075e231f123cd7609f4212944fa7?s=96&d=mm&r=g\",\"contentUrl\":\"https:\\\/\\\/secure.gravatar.com\\\/avatar\\\/ecd062c76c40f06174d27ced5804ce20cf60075e231f123cd7609f4212944fa7?s=96&d=mm&r=g\",\"caption\":\"Rose Tong\"},\"url\":\"https:\\\/\\\/www.aplf.com\\\/zh-hans\\\/author\\\/rose-tonginforma-com\\\/\"}]}<\/script>\n<!-- \/ Yoast SEO plugin. -->","yoast_head_json":{"title":"Events \u2013 Sustainable Leather Forum: the future of leather in question in Paris - APLF Limited","robots":{"index":"index","follow":"follow","max-snippet":"max-snippet:-1","max-image-preview":"max-image-preview:large","max-video-preview":"max-video-preview:-1"},"canonical":"https:\/\/www.aplf.com\/zh-hans\/2021\/10\/28\/events-sustainable-leather-forum-the-future-of-leather-in-question-in-paris\/","og_locale":"zh_CN","og_type":"article","og_title":"Events \u2013 Sustainable Leather Forum: the future of leather in question in Paris - APLF Limited","og_description":"13 September 2021 Events \u2013 Sustainable Leather Forum: t&hellip; \u7ee7\u7eed\u9605\u8bfbEvents \u2013 Sustainable Leather Forum: the future of leather in question in Paris","og_url":"https:\/\/www.aplf.com\/zh-hans\/2021\/10\/28\/events-sustainable-leather-forum-the-future-of-leather-in-question-in-paris\/","og_site_name":"APLF Limited","article_published_time":"2021-10-28T02:41:10+00:00","article_modified_time":"2021-10-28T02:41:11+00:00","og_image":[{"url":"http:\/\/www.aplf.com\/wp-content\/uploads\/2021\/09\/image-1.jpg","type":"","width":"","height":""}],"author":"Rose Tong","twitter_card":"summary_large_image","twitter_misc":{"\u4f5c\u8005":"Rose Tong","\u9884\u8ba1\u9605\u8bfb\u65f6\u95f4":"1\u5206"},"schema":{"@context":"https:\/\/schema.org","@graph":[{"@type":"Article","@id":"https:\/\/www.aplf.com\/zh-hans\/2021\/10\/28\/events-sustainable-leather-forum-the-future-of-leather-in-question-in-paris\/#article","isPartOf":{"@id":"https:\/\/www.aplf.com\/zh-hans\/2021\/10\/28\/events-sustainable-leather-forum-the-future-of-leather-in-question-in-paris\/"},"author":{"name":"Rose Tong","@id":"http:\/\/www.aplf.com\/zh-hans\/#\/schema\/person\/d3b4b70811e0682ad6025d900a7cef2b"},"headline":"Events \u2013 Sustainable Leather Forum: the future of leather in question in Paris","datePublished":"2021-10-28T02:41:10+00:00","dateModified":"2021-10-28T02:41:11+00:00","mainEntityOfPage":{"@id":"https:\/\/www.aplf.com\/zh-hans\/2021\/10\/28\/events-sustainable-leather-forum-the-future-of-leather-in-question-in-paris\/"},"wordCount":213,"commentCount":0,"publisher":{"@id":"http:\/\/www.aplf.com\/zh-hans\/#organization"},"image":{"@id":"https:\/\/www.aplf.com\/zh-hans\/2021\/10\/28\/events-sustainable-leather-forum-the-future-of-leather-in-question-in-paris\/#primaryimage"},"thumbnailUrl":"http:\/\/www.aplf.com\/wp-content\/uploads\/2021\/09\/image-1.jpg","articleSection":["\u884c\u4e1a\u65b0\u95fb"],"inLanguage":"zh-CN","potentialAction":[{"@type":"CommentAction","name":"Comment","target":["https:\/\/www.aplf.com\/zh-hans\/2021\/10\/28\/events-sustainable-leather-forum-the-future-of-leather-in-question-in-paris\/#respond"]}]},{"@type":"WebPage","@id":"https:\/\/www.aplf.com\/zh-hans\/2021\/10\/28\/events-sustainable-leather-forum-the-future-of-leather-in-question-in-paris\/","url":"https:\/\/www.aplf.com\/zh-hans\/2021\/10\/28\/events-sustainable-leather-forum-the-future-of-leather-in-question-in-paris\/","name":"Events \u2013 Sustainable Leather Forum: the future of leather in question in Paris - APLF Limited","isPartOf":{"@id":"http:\/\/www.aplf.com\/zh-hans\/#website"},"primaryImageOfPage":{"@id":"https:\/\/www.aplf.com\/zh-hans\/2021\/10\/28\/events-sustainable-leather-forum-the-future-of-leather-in-question-in-paris\/#primaryimage"},"image":{"@id":"https:\/\/www.aplf.com\/zh-hans\/2021\/10\/28\/events-sustainable-leather-forum-the-future-of-leather-in-question-in-paris\/#primaryimage"},"thumbnailUrl":"http:\/\/www.aplf.com\/wp-content\/uploads\/2021\/09\/image-1.jpg","datePublished":"2021-10-28T02:41:10+00:00","dateModified":"2021-10-28T02:41:11+00:00","breadcrumb":{"@id":"https:\/\/www.aplf.com\/zh-hans\/2021\/10\/28\/events-sustainable-leather-forum-the-future-of-leather-in-question-in-paris\/#breadcrumb"},"inLanguage":"zh-CN","potentialAction":[{"@type":"ReadAction","target":["https:\/\/www.aplf.com\/zh-hans\/2021\/10\/28\/events-sustainable-leather-forum-the-future-of-leather-in-question-in-paris\/"]}]},{"@type":"ImageObject","inLanguage":"zh-CN","@id":"https:\/\/www.aplf.com\/zh-hans\/2021\/10\/28\/events-sustainable-leather-forum-the-future-of-leather-in-question-in-paris\/#primaryimage","url":"http:\/\/www.aplf.com\/wp-content\/uploads\/2021\/09\/image-1.jpg","contentUrl":"http:\/\/www.aplf.com\/wp-content\/uploads\/2021\/09\/image-1.jpg"},{"@type":"BreadcrumbList","@id":"https:\/\/www.aplf.com\/zh-hans\/2021\/10\/28\/events-sustainable-leather-forum-the-future-of-leather-in-question-in-paris\/#breadcrumb","itemListElement":[{"@type":"ListItem","position":1,"name":"Home","item":"https:\/\/www.aplf.com\/zh-hans\/"},{"@type":"ListItem","position":2,"name":"Events \u2013 Sustainable Leather Forum: the future of leather in question in Paris"}]},{"@type":"WebSite","@id":"http:\/\/www.aplf.com\/zh-hans\/#website","url":"http:\/\/www.aplf.com\/zh-hans\/","name":"APLF Limited","description":"Serving the global leather &amp; fashion indsutires","publisher":{"@id":"http:\/\/www.aplf.com\/zh-hans\/#organization"},"potentialAction":[{"@type":"SearchAction","target":{"@type":"EntryPoint","urlTemplate":"http:\/\/www.aplf.com\/zh-hans\/?s={search_term_string}"},"query-input":{"@type":"PropertyValueSpecification","valueRequired":true,"valueName":"search_term_string"}}],"inLanguage":"zh-CN"},{"@type":"Organization","@id":"http:\/\/www.aplf.com\/zh-hans\/#organization","name":"APLF Limited","url":"http:\/\/www.aplf.com\/zh-hans\/","logo":{"@type":"ImageObject","inLanguage":"zh-CN","@id":"http:\/\/www.aplf.com\/zh-hans\/#\/schema\/logo\/image\/","url":"https:\/\/www.aplf.com\/wp-content\/uploads\/2021\/06\/APLF-logo-3-e1728896726736.png","contentUrl":"https:\/\/www.aplf.com\/wp-content\/uploads\/2021\/06\/APLF-logo-3-e1728896726736.png","width":220,"height":29,"caption":"APLF Limited"},"image":{"@id":"http:\/\/www.aplf.com\/zh-hans\/#\/schema\/logo\/image\/"}},{"@type":"Person","@id":"http:\/\/www.aplf.com\/zh-hans\/#\/schema\/person\/d3b4b70811e0682ad6025d900a7cef2b","name":"Rose Tong","image":{"@type":"ImageObject","inLanguage":"zh-CN","@id":"https:\/\/secure.gravatar.com\/avatar\/ecd062c76c40f06174d27ced5804ce20cf60075e231f123cd7609f4212944fa7?s=96&d=mm&r=g","url":"https:\/\/secure.gravatar.com\/avatar\/ecd062c76c40f06174d27ced5804ce20cf60075e231f123cd7609f4212944fa7?s=96&d=mm&r=g","contentUrl":"https:\/\/secure.gravatar.com\/avatar\/ecd062c76c40f06174d27ced5804ce20cf60075e231f123cd7609f4212944fa7?s=96&d=mm&r=g","caption":"Rose Tong"},"url":"https:\/\/www.aplf.com\/zh-hans\/author\/rose-tonginforma-com\/"}]}},"_links":{"self":[{"href":"https:\/\/www.aplf.com\/zh-hans\/wp-json\/wp\/v2\/posts\/6401","targetHints":{"allow":["GET"]}}],"collection":[{"href":"https:\/\/www.aplf.com\/zh-hans\/wp-json\/wp\/v2\/posts"}],"about":[{"href":"https:\/\/www.aplf.com\/zh-hans\/wp-json\/wp\/v2\/types\/post"}],"author":[{"embeddable":true,"href":"https:\/\/www.aplf.com\/zh-hans\/wp-json\/wp\/v2\/users\/6"}],"replies":[{"embeddable":true,"href":"https:\/\/www.aplf.com\/zh-hans\/wp-json\/wp\/v2\/comments?post=6401"}],"version-history":[{"count":0,"href":"https:\/\/www.aplf.com\/zh-hans\/wp-json\/wp\/v2\/posts\/6401\/revisions"}],"wp:attachment":[{"href":"https:\/\/www.aplf.com\/zh-hans\/wp-json\/wp\/v2\/media?parent=6401"}],"wp:term":[{"taxonomy":"category","embeddable":true,"href":"https:\/\/www.aplf.com\/zh-hans\/wp-json\/wp\/v2\/categories?post=6401"},{"taxonomy":"post_tag","embeddable":true,"href":"https:\/\/www.aplf.com\/zh-hans\/wp-json\/wp\/v2\/tags?post=6401"}],"curies":[{"name":"wp","href":"https:\/\/api.w.org\/{rel}","templated":true}]}}