{"id":27784,"date":"2022-12-21T23:51:42","date_gmt":"2022-12-21T23:51:42","guid":{"rendered":"https:\/\/www.aplf.com\/2022\/12\/21\/brazil-assintecal-to-bring-31-foreign-buyers-to-inspiramais\/"},"modified":"2022-12-21T23:51:50","modified_gmt":"2022-12-21T23:51:50","slug":"brazil-assintecal-to-bring-31-foreign-buyers-to-inspiramais","status":"publish","type":"post","link":"https:\/\/www.aplf.com\/zh-hans\/2022\/12\/21\/brazil-assintecal-to-bring-31-foreign-buyers-to-inspiramais\/","title":{"rendered":"Brazil &#8211; Assintecal to bring 31 foreign buyers to Inspiramais"},"content":{"rendered":"\t\t<div data-elementor-type=\"wp-post\" data-elementor-id=\"27784\" data-post-id=\"27784\" data-obj-id=\"27784\" class=\"elementor elementor-27784 dce-elementor-post-27784 elementor-27774\" data-elementor-post-type=\"post\">\n\t\t\t\t\t\t<section data-particle_enable=\"false\" data-particle-mobile-disabled=\"false\" class=\"elementor-section elementor-top-section elementor-element elementor-element-372d15d elementor-section-boxed elementor-section-height-default elementor-section-height-default\" data-id=\"372d15d\" data-element_type=\"section\" data-e-type=\"section\">\n\t\t\t\t\t\t<div class=\"elementor-container elementor-column-gap-default\">\n\t\t\t\t\t<div class=\"elementor-column elementor-col-100 elementor-top-column elementor-element elementor-element-865f172\" data-id=\"865f172\" data-element_type=\"column\" data-e-type=\"column\">\n\t\t\t<div class=\"elementor-widget-wrap elementor-element-populated\">\n\t\t\t\t\t\t<div class=\"elementor-element elementor-element-35eab76 elementor-widget elementor-widget-text-editor\" data-id=\"35eab76\" data-element_type=\"widget\" data-e-type=\"widget\" data-widget_type=\"text-editor.default\">\n\t\t\t\t<div class=\"elementor-widget-container\">\n\t\t\t\t\t\t\t\t\t<p>22 December 2022<\/p>\n\t\t\t\t\t\t\t\t<\/div>\n\t\t\t\t<\/div>\n\t\t\t\t<div class=\"elementor-element elementor-element-f231751 elementor-widget elementor-widget-heading\" data-id=\"f231751\" data-element_type=\"widget\" data-e-type=\"widget\" data-widget_type=\"heading.default\">\n\t\t\t\t<div class=\"elementor-widget-container\">\n\t\t\t\t\t<h2 class=\"elementor-heading-title elementor-size-default\"><a href=\"\">Brazil - Assintecal to bring 31 foreign buyers to Inspiramais<\/a><\/h2>\t\t\t\t<\/div>\n\t\t\t\t<\/div>\n\t\t\t\t<div class=\"elementor-element elementor-element-a08a724 elementor-widget elementor-widget-text-editor\" data-id=\"a08a724\" data-element_type=\"widget\" data-e-type=\"widget\" data-widget_type=\"text-editor.default\">\n\t\t\t\t<div class=\"elementor-widget-container\">\n\t\t\t\t\t\t\t\t\t<p>The Associa\u00e7\u00e3o Brasileira das Empresas de Componentes para Couro, Cal\u00e7ados e Artefatos (Assintecal) has said that it will bring 31 international buyers to Brazil for the Inspiramais trade show, writes <a href=\"https:\/\/internationalleathermaker.com\/\" target=\"_blank\" rel=\"noopener\">ILM<\/a>.<\/p>\n<p>\u00a0<\/p>\n<p><img fetchpriority=\"high\" decoding=\"async\" class=\"alignnone size-medium wp-image-27775\" src=\"https:\/\/www.aplf.com\/wp-content\/uploads\/2022\/12\/image-19-500x338.jpg\" alt=\"\" width=\"500\" height=\"338\" srcset=\"https:\/\/www.aplf.com\/wp-content\/uploads\/2022\/12\/image-19-500x338.jpg 500w, https:\/\/www.aplf.com\/wp-content\/uploads\/2022\/12\/image-19.jpg 540w\" sizes=\"(max-width: 500px) 100vw, 500px\" \/><\/p>\n<p>The event will take place at the Centro de Eventos da Federa\u00e7\u00e3o das Ind\u00fastrias do Estado do Rio Grande do Sul (FIERGS), in Porto Alegre from January 24-25, 2023.<\/p>\n<p>Aiming to provide opportunities for importers from Latin America and Europe to develop business at the show, the effort is being undertaken by Assintecal through the By Brasil Components, Machinery and Chemicals program, in partnership with the Ag\u00eancia Brasileira de Promo\u00e7\u00e3o das Exporta\u00e7\u00f5es e Investimentos (ApexBrasil).<\/p>\n<p>Assintecal Superintendent Silvana Dilly noted that this builds on key export growth, saying: \u201cBetween January and October, more than US$350 million of components were exported, mainly to countries in Latin America and Europe. The value is 14% higher than that recorded in 2021.\u201d<\/p>\n<p>The organisations will also be fostering international media coverage, and ILM will be in attendance at the event. Look out for coverage on the website and in the magazine during and following the trade show.<\/p>\n\t\t\t\t\t\t\t\t<\/div>\n\t\t\t\t<\/div>\n\t\t\t\t\t<\/div>\n\t\t<\/div>\n\t\t\t\t\t<\/div>\n\t\t<\/section>\n\t\t\t\t<section data-particle_enable=\"false\" data-particle-mobile-disabled=\"false\" class=\"elementor-section elementor-top-section elementor-element elementor-element-516b9ba elementor-section-boxed elementor-section-height-default elementor-section-height-default\" data-id=\"516b9ba\" data-element_type=\"section\" data-e-type=\"section\">\n\t\t\t\t\t\t<div class=\"elementor-container elementor-column-gap-default\">\n\t\t\t\t\t<div class=\"elementor-column elementor-col-100 elementor-top-column elementor-element elementor-element-b6081fe\" data-id=\"b6081fe\" data-element_type=\"column\" data-e-type=\"column\">\n\t\t\t<div class=\"elementor-widget-wrap elementor-element-populated\">\n\t\t\t\t\t\t<div class=\"elementor-element elementor-element-8d853ad elementor-widget elementor-widget-spacer\" data-id=\"8d853ad\" data-element_type=\"widget\" data-e-type=\"widget\" data-widget_type=\"spacer.default\">\n\t\t\t\t<div class=\"elementor-widget-container\">\n\t\t\t\t\t\t\t<div class=\"elementor-spacer\">\n\t\t\t<div class=\"elementor-spacer-inner\"><\/div>\n\t\t<\/div>\n\t\t\t\t\t\t<\/div>\n\t\t\t\t<\/div>\n\t\t\t\t\t<\/div>\n\t\t<\/div>\n\t\t\t\t\t<\/div>\n\t\t<\/section>\n\t\t\t\t<\/div>\n\t\t","protected":false},"excerpt":{"rendered":"<p>22 December 2022 Brazil &#8211; Assintecal to bring 31 &hellip; <a class=\"more-link\" href=\"https:\/\/www.aplf.com\/zh-hans\/2022\/12\/21\/brazil-assintecal-to-bring-31-foreign-buyers-to-inspiramais\/\">\u7ee7\u7eed\u9605\u8bfb<span class=\"screen-reader-text\">Brazil &#8211; Assintecal to bring 31 foreign buyers to Inspiramais<\/span><\/a><\/p>\n","protected":false},"author":6,"featured_media":0,"comment_status":"closed","ping_status":"open","sticky":false,"template":"","format":"standard","meta":{"footnotes":""},"categories":[34],"tags":[],"class_list":["post-27784","post","type-post","status-publish","format-standard","hentry","category-industry-news-sc","entry"],"yoast_head":"<!-- This site is optimized with the Yoast SEO plugin v27.3 - https:\/\/yoast.com\/product\/yoast-seo-wordpress\/ -->\n<title>Brazil - Assintecal to bring 31 foreign buyers to Inspiramais - APLF Limited<\/title>\n<meta name=\"robots\" content=\"index, follow, max-snippet:-1, max-image-preview:large, max-video-preview:-1\" \/>\n<link rel=\"canonical\" href=\"https:\/\/www.aplf.com\/zh-hans\/2022\/12\/21\/brazil-assintecal-to-bring-31-foreign-buyers-to-inspiramais\/\" \/>\n<meta property=\"og:locale\" content=\"zh_CN\" \/>\n<meta property=\"og:type\" content=\"article\" \/>\n<meta property=\"og:title\" content=\"Brazil - Assintecal to bring 31 foreign buyers to Inspiramais - APLF Limited\" \/>\n<meta property=\"og:description\" content=\"22 December 2022 Brazil &#8211; Assintecal to bring 31 &hellip; \u7ee7\u7eed\u9605\u8bfbBrazil &#8211; Assintecal to bring 31 foreign buyers to Inspiramais\" \/>\n<meta property=\"og:url\" content=\"https:\/\/www.aplf.com\/zh-hans\/2022\/12\/21\/brazil-assintecal-to-bring-31-foreign-buyers-to-inspiramais\/\" \/>\n<meta property=\"og:site_name\" content=\"APLF Limited\" \/>\n<meta property=\"article:published_time\" content=\"2022-12-21T23:51:42+00:00\" \/>\n<meta property=\"article:modified_time\" content=\"2022-12-21T23:51:50+00:00\" \/>\n<meta property=\"og:image\" content=\"https:\/\/www.aplf.com\/wp-content\/uploads\/2022\/12\/image-19-500x338.jpg\" \/>\n<meta name=\"author\" content=\"Rose Tong\" \/>\n<meta name=\"twitter:card\" content=\"summary_large_image\" \/>\n<meta name=\"twitter:label1\" content=\"\u4f5c\u8005\" \/>\n\t<meta name=\"twitter:data1\" content=\"Rose Tong\" \/>\n\t<meta name=\"twitter:label2\" content=\"\u9884\u8ba1\u9605\u8bfb\u65f6\u95f4\" \/>\n\t<meta name=\"twitter:data2\" content=\"1\u5206\" \/>\n<script type=\"application\/ld+json\" class=\"yoast-schema-graph\">{\"@context\":\"https:\\\/\\\/schema.org\",\"@graph\":[{\"@type\":\"Article\",\"@id\":\"https:\\\/\\\/www.aplf.com\\\/zh-hans\\\/2022\\\/12\\\/21\\\/brazil-assintecal-to-bring-31-foreign-buyers-to-inspiramais\\\/#article\",\"isPartOf\":{\"@id\":\"https:\\\/\\\/www.aplf.com\\\/zh-hans\\\/2022\\\/12\\\/21\\\/brazil-assintecal-to-bring-31-foreign-buyers-to-inspiramais\\\/\"},\"author\":{\"name\":\"Rose Tong\",\"@id\":\"http:\\\/\\\/www.aplf.com\\\/zh-hans\\\/#\\\/schema\\\/person\\\/d3b4b70811e0682ad6025d900a7cef2b\"},\"headline\":\"Brazil &#8211; Assintecal to bring 31 foreign buyers to Inspiramais\",\"datePublished\":\"2022-12-21T23:51:42+00:00\",\"dateModified\":\"2022-12-21T23:51:50+00:00\",\"mainEntityOfPage\":{\"@id\":\"https:\\\/\\\/www.aplf.com\\\/zh-hans\\\/2022\\\/12\\\/21\\\/brazil-assintecal-to-bring-31-foreign-buyers-to-inspiramais\\\/\"},\"wordCount\":206,\"publisher\":{\"@id\":\"http:\\\/\\\/www.aplf.com\\\/zh-hans\\\/#organization\"},\"image\":{\"@id\":\"https:\\\/\\\/www.aplf.com\\\/zh-hans\\\/2022\\\/12\\\/21\\\/brazil-assintecal-to-bring-31-foreign-buyers-to-inspiramais\\\/#primaryimage\"},\"thumbnailUrl\":\"https:\\\/\\\/www.aplf.com\\\/wp-content\\\/uploads\\\/2022\\\/12\\\/image-19-500x338.jpg\",\"articleSection\":[\"\u884c\u4e1a\u65b0\u95fb\"],\"inLanguage\":\"zh-CN\"},{\"@type\":\"WebPage\",\"@id\":\"https:\\\/\\\/www.aplf.com\\\/zh-hans\\\/2022\\\/12\\\/21\\\/brazil-assintecal-to-bring-31-foreign-buyers-to-inspiramais\\\/\",\"url\":\"https:\\\/\\\/www.aplf.com\\\/zh-hans\\\/2022\\\/12\\\/21\\\/brazil-assintecal-to-bring-31-foreign-buyers-to-inspiramais\\\/\",\"name\":\"Brazil - Assintecal to bring 31 foreign buyers to Inspiramais - APLF Limited\",\"isPartOf\":{\"@id\":\"http:\\\/\\\/www.aplf.com\\\/zh-hans\\\/#website\"},\"primaryImageOfPage\":{\"@id\":\"https:\\\/\\\/www.aplf.com\\\/zh-hans\\\/2022\\\/12\\\/21\\\/brazil-assintecal-to-bring-31-foreign-buyers-to-inspiramais\\\/#primaryimage\"},\"image\":{\"@id\":\"https:\\\/\\\/www.aplf.com\\\/zh-hans\\\/2022\\\/12\\\/21\\\/brazil-assintecal-to-bring-31-foreign-buyers-to-inspiramais\\\/#primaryimage\"},\"thumbnailUrl\":\"https:\\\/\\\/www.aplf.com\\\/wp-content\\\/uploads\\\/2022\\\/12\\\/image-19-500x338.jpg\",\"datePublished\":\"2022-12-21T23:51:42+00:00\",\"dateModified\":\"2022-12-21T23:51:50+00:00\",\"breadcrumb\":{\"@id\":\"https:\\\/\\\/www.aplf.com\\\/zh-hans\\\/2022\\\/12\\\/21\\\/brazil-assintecal-to-bring-31-foreign-buyers-to-inspiramais\\\/#breadcrumb\"},\"inLanguage\":\"zh-CN\",\"potentialAction\":[{\"@type\":\"ReadAction\",\"target\":[\"https:\\\/\\\/www.aplf.com\\\/zh-hans\\\/2022\\\/12\\\/21\\\/brazil-assintecal-to-bring-31-foreign-buyers-to-inspiramais\\\/\"]}]},{\"@type\":\"ImageObject\",\"inLanguage\":\"zh-CN\",\"@id\":\"https:\\\/\\\/www.aplf.com\\\/zh-hans\\\/2022\\\/12\\\/21\\\/brazil-assintecal-to-bring-31-foreign-buyers-to-inspiramais\\\/#primaryimage\",\"url\":\"https:\\\/\\\/www.aplf.com\\\/wp-content\\\/uploads\\\/2022\\\/12\\\/image-19-500x338.jpg\",\"contentUrl\":\"https:\\\/\\\/www.aplf.com\\\/wp-content\\\/uploads\\\/2022\\\/12\\\/image-19-500x338.jpg\"},{\"@type\":\"BreadcrumbList\",\"@id\":\"https:\\\/\\\/www.aplf.com\\\/zh-hans\\\/2022\\\/12\\\/21\\\/brazil-assintecal-to-bring-31-foreign-buyers-to-inspiramais\\\/#breadcrumb\",\"itemListElement\":[{\"@type\":\"ListItem\",\"position\":1,\"name\":\"Home\",\"item\":\"https:\\\/\\\/www.aplf.com\\\/zh-hans\\\/\"},{\"@type\":\"ListItem\",\"position\":2,\"name\":\"Brazil &#8211; Assintecal to bring 31 foreign buyers to Inspiramais\"}]},{\"@type\":\"WebSite\",\"@id\":\"http:\\\/\\\/www.aplf.com\\\/zh-hans\\\/#website\",\"url\":\"http:\\\/\\\/www.aplf.com\\\/zh-hans\\\/\",\"name\":\"APLF Limited\",\"description\":\"Serving the global leather &amp; fashion indsutires\",\"publisher\":{\"@id\":\"http:\\\/\\\/www.aplf.com\\\/zh-hans\\\/#organization\"},\"potentialAction\":[{\"@type\":\"SearchAction\",\"target\":{\"@type\":\"EntryPoint\",\"urlTemplate\":\"http:\\\/\\\/www.aplf.com\\\/zh-hans\\\/?s={search_term_string}\"},\"query-input\":{\"@type\":\"PropertyValueSpecification\",\"valueRequired\":true,\"valueName\":\"search_term_string\"}}],\"inLanguage\":\"zh-CN\"},{\"@type\":\"Organization\",\"@id\":\"http:\\\/\\\/www.aplf.com\\\/zh-hans\\\/#organization\",\"name\":\"APLF Limited\",\"url\":\"http:\\\/\\\/www.aplf.com\\\/zh-hans\\\/\",\"logo\":{\"@type\":\"ImageObject\",\"inLanguage\":\"zh-CN\",\"@id\":\"http:\\\/\\\/www.aplf.com\\\/zh-hans\\\/#\\\/schema\\\/logo\\\/image\\\/\",\"url\":\"https:\\\/\\\/www.aplf.com\\\/wp-content\\\/uploads\\\/2021\\\/06\\\/APLF-logo-3-e1728896726736.png\",\"contentUrl\":\"https:\\\/\\\/www.aplf.com\\\/wp-content\\\/uploads\\\/2021\\\/06\\\/APLF-logo-3-e1728896726736.png\",\"width\":220,\"height\":29,\"caption\":\"APLF Limited\"},\"image\":{\"@id\":\"http:\\\/\\\/www.aplf.com\\\/zh-hans\\\/#\\\/schema\\\/logo\\\/image\\\/\"}},{\"@type\":\"Person\",\"@id\":\"http:\\\/\\\/www.aplf.com\\\/zh-hans\\\/#\\\/schema\\\/person\\\/d3b4b70811e0682ad6025d900a7cef2b\",\"name\":\"Rose Tong\",\"image\":{\"@type\":\"ImageObject\",\"inLanguage\":\"zh-CN\",\"@id\":\"https:\\\/\\\/secure.gravatar.com\\\/avatar\\\/ecd062c76c40f06174d27ced5804ce20cf60075e231f123cd7609f4212944fa7?s=96&d=mm&r=g\",\"url\":\"https:\\\/\\\/secure.gravatar.com\\\/avatar\\\/ecd062c76c40f06174d27ced5804ce20cf60075e231f123cd7609f4212944fa7?s=96&d=mm&r=g\",\"contentUrl\":\"https:\\\/\\\/secure.gravatar.com\\\/avatar\\\/ecd062c76c40f06174d27ced5804ce20cf60075e231f123cd7609f4212944fa7?s=96&d=mm&r=g\",\"caption\":\"Rose Tong\"},\"url\":\"https:\\\/\\\/www.aplf.com\\\/zh-hans\\\/author\\\/rose-tonginforma-com\\\/\"}]}<\/script>\n<!-- \/ Yoast SEO plugin. -->","yoast_head_json":{"title":"Brazil - Assintecal to bring 31 foreign buyers to Inspiramais - APLF Limited","robots":{"index":"index","follow":"follow","max-snippet":"max-snippet:-1","max-image-preview":"max-image-preview:large","max-video-preview":"max-video-preview:-1"},"canonical":"https:\/\/www.aplf.com\/zh-hans\/2022\/12\/21\/brazil-assintecal-to-bring-31-foreign-buyers-to-inspiramais\/","og_locale":"zh_CN","og_type":"article","og_title":"Brazil - Assintecal to bring 31 foreign buyers to Inspiramais - APLF Limited","og_description":"22 December 2022 Brazil &#8211; Assintecal to bring 31 &hellip; \u7ee7\u7eed\u9605\u8bfbBrazil &#8211; Assintecal to bring 31 foreign buyers to Inspiramais","og_url":"https:\/\/www.aplf.com\/zh-hans\/2022\/12\/21\/brazil-assintecal-to-bring-31-foreign-buyers-to-inspiramais\/","og_site_name":"APLF Limited","article_published_time":"2022-12-21T23:51:42+00:00","article_modified_time":"2022-12-21T23:51:50+00:00","og_image":[{"url":"https:\/\/www.aplf.com\/wp-content\/uploads\/2022\/12\/image-19-500x338.jpg","type":"","width":"","height":""}],"author":"Rose Tong","twitter_card":"summary_large_image","twitter_misc":{"\u4f5c\u8005":"Rose Tong","\u9884\u8ba1\u9605\u8bfb\u65f6\u95f4":"1\u5206"},"schema":{"@context":"https:\/\/schema.org","@graph":[{"@type":"Article","@id":"https:\/\/www.aplf.com\/zh-hans\/2022\/12\/21\/brazil-assintecal-to-bring-31-foreign-buyers-to-inspiramais\/#article","isPartOf":{"@id":"https:\/\/www.aplf.com\/zh-hans\/2022\/12\/21\/brazil-assintecal-to-bring-31-foreign-buyers-to-inspiramais\/"},"author":{"name":"Rose Tong","@id":"http:\/\/www.aplf.com\/zh-hans\/#\/schema\/person\/d3b4b70811e0682ad6025d900a7cef2b"},"headline":"Brazil &#8211; Assintecal to bring 31 foreign buyers to Inspiramais","datePublished":"2022-12-21T23:51:42+00:00","dateModified":"2022-12-21T23:51:50+00:00","mainEntityOfPage":{"@id":"https:\/\/www.aplf.com\/zh-hans\/2022\/12\/21\/brazil-assintecal-to-bring-31-foreign-buyers-to-inspiramais\/"},"wordCount":206,"publisher":{"@id":"http:\/\/www.aplf.com\/zh-hans\/#organization"},"image":{"@id":"https:\/\/www.aplf.com\/zh-hans\/2022\/12\/21\/brazil-assintecal-to-bring-31-foreign-buyers-to-inspiramais\/#primaryimage"},"thumbnailUrl":"https:\/\/www.aplf.com\/wp-content\/uploads\/2022\/12\/image-19-500x338.jpg","articleSection":["\u884c\u4e1a\u65b0\u95fb"],"inLanguage":"zh-CN"},{"@type":"WebPage","@id":"https:\/\/www.aplf.com\/zh-hans\/2022\/12\/21\/brazil-assintecal-to-bring-31-foreign-buyers-to-inspiramais\/","url":"https:\/\/www.aplf.com\/zh-hans\/2022\/12\/21\/brazil-assintecal-to-bring-31-foreign-buyers-to-inspiramais\/","name":"Brazil - Assintecal to bring 31 foreign buyers to Inspiramais - APLF Limited","isPartOf":{"@id":"http:\/\/www.aplf.com\/zh-hans\/#website"},"primaryImageOfPage":{"@id":"https:\/\/www.aplf.com\/zh-hans\/2022\/12\/21\/brazil-assintecal-to-bring-31-foreign-buyers-to-inspiramais\/#primaryimage"},"image":{"@id":"https:\/\/www.aplf.com\/zh-hans\/2022\/12\/21\/brazil-assintecal-to-bring-31-foreign-buyers-to-inspiramais\/#primaryimage"},"thumbnailUrl":"https:\/\/www.aplf.com\/wp-content\/uploads\/2022\/12\/image-19-500x338.jpg","datePublished":"2022-12-21T23:51:42+00:00","dateModified":"2022-12-21T23:51:50+00:00","breadcrumb":{"@id":"https:\/\/www.aplf.com\/zh-hans\/2022\/12\/21\/brazil-assintecal-to-bring-31-foreign-buyers-to-inspiramais\/#breadcrumb"},"inLanguage":"zh-CN","potentialAction":[{"@type":"ReadAction","target":["https:\/\/www.aplf.com\/zh-hans\/2022\/12\/21\/brazil-assintecal-to-bring-31-foreign-buyers-to-inspiramais\/"]}]},{"@type":"ImageObject","inLanguage":"zh-CN","@id":"https:\/\/www.aplf.com\/zh-hans\/2022\/12\/21\/brazil-assintecal-to-bring-31-foreign-buyers-to-inspiramais\/#primaryimage","url":"https:\/\/www.aplf.com\/wp-content\/uploads\/2022\/12\/image-19-500x338.jpg","contentUrl":"https:\/\/www.aplf.com\/wp-content\/uploads\/2022\/12\/image-19-500x338.jpg"},{"@type":"BreadcrumbList","@id":"https:\/\/www.aplf.com\/zh-hans\/2022\/12\/21\/brazil-assintecal-to-bring-31-foreign-buyers-to-inspiramais\/#breadcrumb","itemListElement":[{"@type":"ListItem","position":1,"name":"Home","item":"https:\/\/www.aplf.com\/zh-hans\/"},{"@type":"ListItem","position":2,"name":"Brazil &#8211; Assintecal to bring 31 foreign buyers to Inspiramais"}]},{"@type":"WebSite","@id":"http:\/\/www.aplf.com\/zh-hans\/#website","url":"http:\/\/www.aplf.com\/zh-hans\/","name":"APLF Limited","description":"Serving the global leather &amp; fashion indsutires","publisher":{"@id":"http:\/\/www.aplf.com\/zh-hans\/#organization"},"potentialAction":[{"@type":"SearchAction","target":{"@type":"EntryPoint","urlTemplate":"http:\/\/www.aplf.com\/zh-hans\/?s={search_term_string}"},"query-input":{"@type":"PropertyValueSpecification","valueRequired":true,"valueName":"search_term_string"}}],"inLanguage":"zh-CN"},{"@type":"Organization","@id":"http:\/\/www.aplf.com\/zh-hans\/#organization","name":"APLF Limited","url":"http:\/\/www.aplf.com\/zh-hans\/","logo":{"@type":"ImageObject","inLanguage":"zh-CN","@id":"http:\/\/www.aplf.com\/zh-hans\/#\/schema\/logo\/image\/","url":"https:\/\/www.aplf.com\/wp-content\/uploads\/2021\/06\/APLF-logo-3-e1728896726736.png","contentUrl":"https:\/\/www.aplf.com\/wp-content\/uploads\/2021\/06\/APLF-logo-3-e1728896726736.png","width":220,"height":29,"caption":"APLF Limited"},"image":{"@id":"http:\/\/www.aplf.com\/zh-hans\/#\/schema\/logo\/image\/"}},{"@type":"Person","@id":"http:\/\/www.aplf.com\/zh-hans\/#\/schema\/person\/d3b4b70811e0682ad6025d900a7cef2b","name":"Rose Tong","image":{"@type":"ImageObject","inLanguage":"zh-CN","@id":"https:\/\/secure.gravatar.com\/avatar\/ecd062c76c40f06174d27ced5804ce20cf60075e231f123cd7609f4212944fa7?s=96&d=mm&r=g","url":"https:\/\/secure.gravatar.com\/avatar\/ecd062c76c40f06174d27ced5804ce20cf60075e231f123cd7609f4212944fa7?s=96&d=mm&r=g","contentUrl":"https:\/\/secure.gravatar.com\/avatar\/ecd062c76c40f06174d27ced5804ce20cf60075e231f123cd7609f4212944fa7?s=96&d=mm&r=g","caption":"Rose Tong"},"url":"https:\/\/www.aplf.com\/zh-hans\/author\/rose-tonginforma-com\/"}]}},"_links":{"self":[{"href":"https:\/\/www.aplf.com\/zh-hans\/wp-json\/wp\/v2\/posts\/27784","targetHints":{"allow":["GET"]}}],"collection":[{"href":"https:\/\/www.aplf.com\/zh-hans\/wp-json\/wp\/v2\/posts"}],"about":[{"href":"https:\/\/www.aplf.com\/zh-hans\/wp-json\/wp\/v2\/types\/post"}],"author":[{"embeddable":true,"href":"https:\/\/www.aplf.com\/zh-hans\/wp-json\/wp\/v2\/users\/6"}],"replies":[{"embeddable":true,"href":"https:\/\/www.aplf.com\/zh-hans\/wp-json\/wp\/v2\/comments?post=27784"}],"version-history":[{"count":0,"href":"https:\/\/www.aplf.com\/zh-hans\/wp-json\/wp\/v2\/posts\/27784\/revisions"}],"wp:attachment":[{"href":"https:\/\/www.aplf.com\/zh-hans\/wp-json\/wp\/v2\/media?parent=27784"}],"wp:term":[{"taxonomy":"category","embeddable":true,"href":"https:\/\/www.aplf.com\/zh-hans\/wp-json\/wp\/v2\/categories?post=27784"},{"taxonomy":"post_tag","embeddable":true,"href":"https:\/\/www.aplf.com\/zh-hans\/wp-json\/wp\/v2\/tags?post=27784"}],"curies":[{"name":"wp","href":"https:\/\/api.w.org\/{rel}","templated":true}]}}